{"id":39723,"date":"2026-09-02T13:56:31","date_gmt":"2026-09-02T11:56:31","guid":{"rendered":"https:\/\/www.activeoncokids.org\/?p=39723"},"modified":"2026-09-02T13:56:32","modified_gmt":"2026-09-02T11:56:32","slug":"bericht-bewegter-sommer-gemeinsam-in-bewegung","status":"publish","type":"post","link":"https:\/\/www.activeoncokids.org\/en\/bericht-bewegter-sommer-gemeinsam-in-bewegung\/","title":{"rendered":"Bericht: \u201eBewegter Sommer\u201c &#8211; Gemeinsam in Bewegung!"},"content":{"rendered":"<div data-elementor-type=\"wp-post\" data-elementor-id=\"39723\" class=\"elementor elementor-39723\" data-elementor-post-type=\"post\">\n\t\t\t\t\t\t<section data-dce-background-image-url=\"https:\/\/www.activeoncokids.org\/wp-content\/uploads\/2026\/09\/IMG_0859-1-scaled.jpeg\" class=\"elementor-section elementor-top-section elementor-element elementor-element-67b82b8 elementor-section-stretched elementor-section-height-min-height elementor-section-boxed elementor-section-height-default elementor-section-items-middle\" data-id=\"67b82b8\" data-element_type=\"section\" data-e-type=\"section\" data-settings=\"{&quot;stretch_section&quot;:&quot;section-stretched&quot;,&quot;background_background&quot;:&quot;classic&quot;}\">\n\t\t\t\t\t\t<div class=\"elementor-container elementor-column-gap-default\">\n\t\t\t\t\t<div class=\"elementor-column elementor-col-100 elementor-top-column elementor-element elementor-element-7d937f1\" data-id=\"7d937f1\" data-element_type=\"column\" data-e-type=\"column\">\n\t\t\t<div class=\"elementor-widget-wrap\">\n\t\t\t\t\t\t\t<\/div>\n\t\t<\/div>\n\t\t\t\t\t<\/div>\n\t\t<\/section>\n\t\t\t\t<section class=\"elementor-section elementor-top-section elementor-element elementor-element-d101475 elementor-section-stretched elementor-section-height-min-height elementor-section-boxed elementor-section-height-default elementor-section-items-middle\" data-id=\"d101475\" data-element_type=\"section\" data-e-type=\"section\" data-settings=\"{&quot;stretch_section&quot;:&quot;section-stretched&quot;,&quot;background_background&quot;:&quot;classic&quot;}\">\n\t\t\t\t\t\t<div class=\"elementor-container elementor-column-gap-default\">\n\t\t\t\t\t<div class=\"elementor-column elementor-col-50 elementor-top-column elementor-element elementor-element-9c16819\" data-id=\"9c16819\" data-element_type=\"column\" data-e-type=\"column\">\n\t\t\t<div class=\"elementor-widget-wrap\">\n\t\t\t\t\t\t\t<\/div>\n\t\t<\/div>\n\t\t\t\t<div class=\"elementor-column elementor-col-50 elementor-top-column elementor-element elementor-element-68211db\" data-id=\"68211db\" data-element_type=\"column\" data-e-type=\"column\">\n\t\t\t<div class=\"elementor-widget-wrap\">\n\t\t\t\t\t\t\t<\/div>\n\t\t<\/div>\n\t\t\t\t\t<\/div>\n\t\t<\/section>\n\t\t\t\t<section class=\"elementor-section elementor-top-section elementor-element elementor-element-549da94 elementor-section-boxed elementor-section-height-default elementor-section-height-default\" data-id=\"549da94\" data-element_type=\"section\" data-e-type=\"section\">\n\t\t\t\t\t\t<div class=\"elementor-container elementor-column-gap-default\">\n\t\t\t\t\t<div class=\"elementor-column elementor-col-100 elementor-top-column elementor-element elementor-element-61089d8\" data-id=\"61089d8\" data-element_type=\"column\" data-e-type=\"column\">\n\t\t\t<div class=\"elementor-widget-wrap elementor-element-populated\">\n\t\t\t\t\t\t<div class=\"elementor-element elementor-element-39a6b18 elementor-widget elementor-widget-spacer\" data-id=\"39a6b18\" data-element_type=\"widget\" data-e-type=\"widget\" data-widget_type=\"spacer.default\">\n\t\t\t\t<div class=\"elementor-widget-container\">\n\t\t\t\t\t\t\t<div class=\"elementor-spacer\">\n\t\t\t<div class=\"elementor-spacer-inner\"><\/div>\n\t\t<\/div>\n\t\t\t\t\t\t<\/div>\n\t\t\t\t<\/div>\n\t\t\t\t<div class=\"elementor-element elementor-element-57a3e04 elementor-widget elementor-widget-heading\" data-id=\"57a3e04\" data-element_type=\"widget\" data-e-type=\"widget\" data-widget_type=\"heading.default\">\n\t\t\t\t<div class=\"elementor-widget-container\">\n\t\t\t\t\t<h3 class=\"elementor-heading-title elementor-size-default\">Neues vom NAOK-Standort Freiburg<\/h3>\t\t\t\t<\/div>\n\t\t\t\t<\/div>\n\t\t\t\t<div class=\"elementor-element elementor-element-7c3ffb0 elementor-widget elementor-widget-heading\" data-id=\"7c3ffb0\" data-element_type=\"widget\" data-e-type=\"widget\" data-widget_type=\"heading.default\">\n\t\t\t\t<div class=\"elementor-widget-container\">\n\t\t\t\t\t<h2 class=\"elementor-heading-title elementor-size-default\">Bericht: \u201eBewegter Sommer\u201c <\/h2>\t\t\t\t<\/div>\n\t\t\t\t<\/div>\n\t\t\t\t<div class=\"elementor-element elementor-element-ac882f5 elementor-widget elementor-widget-heading\" data-id=\"ac882f5\" data-element_type=\"widget\" data-e-type=\"widget\" data-widget_type=\"heading.default\">\n\t\t\t\t<div class=\"elementor-widget-container\">\n\t\t\t\t\t<h3 class=\"elementor-heading-title elementor-size-default\">Gemeinsam in Bewegung!<\/h3>\t\t\t\t<\/div>\n\t\t\t\t<\/div>\n\t\t\t\t<div class=\"elementor-element elementor-element-652948d elementor-widget elementor-widget-spacer\" data-id=\"652948d\" data-element_type=\"widget\" data-e-type=\"widget\" data-widget_type=\"spacer.default\">\n\t\t\t\t<div class=\"elementor-widget-container\">\n\t\t\t\t\t\t\t<div class=\"elementor-spacer\">\n\t\t\t<div class=\"elementor-spacer-inner\"><\/div>\n\t\t<\/div>\n\t\t\t\t\t\t<\/div>\n\t\t\t\t<\/div>\n\t\t\t\t<div class=\"elementor-element elementor-element-a637ad1 elementor-widget elementor-widget-text-editor\" data-id=\"a637ad1\" data-element_type=\"widget\" data-e-type=\"widget\" data-widget_type=\"text-editor.default\">\n\t\t\t\t<div class=\"elementor-widget-container\">\n\t\t\t\t\t\t\t\t\t<h4 style=\"text-align: center;\"><i>Nach dem erfolgreichen Auftakt des \u201eBewegten Februars\u201c, der erstmals vom psychosozialen Team der KJK Freiburg organisiert wurde, ging unser Projekt in die n\u00e4chste Runde: Vom 29. Juni bis 31. Juli 2026 wurde aus dem \u201eBewegten Februar\u201c der \u201eBewegte Sommer\u201c. \u00dcber f\u00fcnf Wochen hinweg erwartete die jungen Patient*innen und ihre Familien t\u00e4glich ein abwechslungsreiches Programm, das Bewegung, Kreativit\u00e4t, Musik und gemeinsames Erleben miteinander verband.<\/i><\/h4>\t\t\t\t\t\t\t\t<\/div>\n\t\t\t\t<\/div>\n\t\t<div class=\"elementor-element elementor-element-72ea069 e-grid e-con-boxed e-con e-parent\" data-id=\"72ea069\" data-element_type=\"container\" data-e-type=\"container\">\n\t\t\t\t\t<div class=\"e-con-inner\">\n\t\t\t\t<div class=\"elementor-element elementor-element-2d2f009 elementor-widget elementor-widget-image\" data-id=\"2d2f009\" data-element_type=\"widget\" data-e-type=\"widget\" data-widget_type=\"image.default\">\n\t\t\t\t<div class=\"elementor-widget-container\">\n\t\t\t\t\t\t\t\t\t\t\t\t\t\t\t<img fetchpriority=\"high\" decoding=\"async\" width=\"800\" height=\"600\" src=\"https:\/\/www.activeoncokids.org\/wp-content\/uploads\/2026\/09\/c6f36d1a-0e19-4056-8887-1efb7e6774f5-1024x768.jpeg\" class=\"attachment-large size-large wp-image-39769\" alt=\"\" srcset=\"https:\/\/www.activeoncokids.org\/wp-content\/uploads\/2026\/09\/c6f36d1a-0e19-4056-8887-1efb7e6774f5-1024x768.jpeg 1024w, https:\/\/www.activeoncokids.org\/wp-content\/uploads\/2026\/09\/c6f36d1a-0e19-4056-8887-1efb7e6774f5-300x225.jpeg 300w, https:\/\/www.activeoncokids.org\/wp-content\/uploads\/2026\/09\/c6f36d1a-0e19-4056-8887-1efb7e6774f5-768x576.jpeg 768w, https:\/\/www.activeoncokids.org\/wp-content\/uploads\/2026\/09\/c6f36d1a-0e19-4056-8887-1efb7e6774f5-1536x1152.jpeg 1536w, https:\/\/www.activeoncokids.org\/wp-content\/uploads\/2026\/09\/c6f36d1a-0e19-4056-8887-1efb7e6774f5-16x12.jpeg 16w, https:\/\/www.activeoncokids.org\/wp-content\/uploads\/2026\/09\/c6f36d1a-0e19-4056-8887-1efb7e6774f5.jpeg 2048w\" sizes=\"(max-width: 800px) 100vw, 800px\" \/>\t\t\t\t\t\t\t\t\t\t\t\t\t\t\t<\/div>\n\t\t\t\t<\/div>\n\t\t\t\t<div class=\"elementor-element elementor-element-39f74d0 elementor-widget elementor-widget-image\" data-id=\"39f74d0\" data-element_type=\"widget\" data-e-type=\"widget\" data-widget_type=\"image.default\">\n\t\t\t\t<div class=\"elementor-widget-container\">\n\t\t\t\t\t\t\t\t\t\t\t\t\t\t\t<img decoding=\"async\" width=\"800\" height=\"600\" src=\"https:\/\/www.activeoncokids.org\/wp-content\/uploads\/2026\/09\/IMG_0812-1024x768.jpeg\" class=\"attachment-large size-large wp-image-39767\" alt=\"\" srcset=\"https:\/\/www.activeoncokids.org\/wp-content\/uploads\/2026\/09\/IMG_0812-1024x768.jpeg 1024w, https:\/\/www.activeoncokids.org\/wp-content\/uploads\/2026\/09\/IMG_0812-300x225.jpeg 300w, https:\/\/www.activeoncokids.org\/wp-content\/uploads\/2026\/09\/IMG_0812-768x576.jpeg 768w, https:\/\/www.activeoncokids.org\/wp-content\/uploads\/2026\/09\/IMG_0812-1536x1152.jpeg 1536w, https:\/\/www.activeoncokids.org\/wp-content\/uploads\/2026\/09\/IMG_0812-2048x1536.jpeg 2048w, https:\/\/www.activeoncokids.org\/wp-content\/uploads\/2026\/09\/IMG_0812-16x12.jpeg 16w\" sizes=\"(max-width: 800px) 100vw, 800px\" \/>\t\t\t\t\t\t\t\t\t\t\t\t\t\t\t<\/div>\n\t\t\t\t<\/div>\n\t\t\t\t<div class=\"elementor-element elementor-element-5860ea3 elementor-widget elementor-widget-image\" data-id=\"5860ea3\" data-element_type=\"widget\" data-e-type=\"widget\" data-widget_type=\"image.default\">\n\t\t\t\t<div class=\"elementor-widget-container\">\n\t\t\t\t\t\t\t\t\t\t\t\t\t\t\t<img decoding=\"async\" width=\"800\" height=\"600\" src=\"https:\/\/www.activeoncokids.org\/wp-content\/uploads\/2026\/09\/IMG_0843-1024x768.jpeg\" class=\"attachment-large size-large wp-image-39765\" alt=\"\" srcset=\"https:\/\/www.activeoncokids.org\/wp-content\/uploads\/2026\/09\/IMG_0843-1024x768.jpeg 1024w, https:\/\/www.activeoncokids.org\/wp-content\/uploads\/2026\/09\/IMG_0843-300x225.jpeg 300w, https:\/\/www.activeoncokids.org\/wp-content\/uploads\/2026\/09\/IMG_0843-768x576.jpeg 768w, https:\/\/www.activeoncokids.org\/wp-content\/uploads\/2026\/09\/IMG_0843-1536x1152.jpeg 1536w, https:\/\/www.activeoncokids.org\/wp-content\/uploads\/2026\/09\/IMG_0843-2048x1536.jpeg 2048w, https:\/\/www.activeoncokids.org\/wp-content\/uploads\/2026\/09\/IMG_0843-16x12.jpeg 16w\" sizes=\"(max-width: 800px) 100vw, 800px\" \/>\t\t\t\t\t\t\t\t\t\t\t\t\t\t\t<\/div>\n\t\t\t\t<\/div>\n\t\t\t\t\t<\/div>\n\t\t\t\t<\/div>\n\t\t\t\t<div class=\"elementor-element elementor-element-d7db0d5 elementor-widget elementor-widget-text-editor\" data-id=\"d7db0d5\" data-element_type=\"widget\" data-e-type=\"widget\" data-widget_type=\"text-editor.default\">\n\t\t\t\t<div class=\"elementor-widget-container\">\n\t\t\t\t\t\t\t\t\t<p class=\"isSelectedEnd\" style=\"text-align: center;\">Auf dem Programm standen zahlreiche Sport- und Bewegungsangebote \u2013 von Volleyball, Blindenbiathlon, Hockey-, Fu\u00dfball- sowie Tischtennisturnieren \u00fcber Exergames bis hin zu Sportaktionen im Elternhaus (mit dem Badischen Behindertensportverband \u2013 BBSB) und beim Sommerfest (mit der Badischen Sportjugend \u2013 bsj). Auch die Musiktherapie sorgte mit mobilen Konzerten und gemeinsamen Singrunden f\u00fcr besondere Momente auf der Station.<\/p><p style=\"text-align: center;\">Kreativ wurde es bei den Bastelangeboten, Kinonachmittagen und gemeinsamen Back- und Kochaktionen im Rahmen des p\u00e4dagogischen Teams. Die Kunsttherapeutin brachte zus\u00e4tzlich Farbe ins Spiel und lud die Kinder und Jugendlichen dazu ein, ihrer Fantasie freien Lauf zu lassen. F\u00fcr Entspannung und gute Laune sorgte au\u00dferdem Yoga gemeinsam mit den Clowns.<\/p>\t\t\t\t\t\t\t\t<\/div>\n\t\t\t\t<\/div>\n\t\t<div class=\"elementor-element elementor-element-6872ce2 e-grid e-con-boxed e-con e-parent\" data-id=\"6872ce2\" data-element_type=\"container\" data-e-type=\"container\">\n\t\t\t\t\t<div class=\"e-con-inner\">\n\t\t\t\t<div class=\"elementor-element elementor-element-2397292 elementor-widget elementor-widget-image\" data-id=\"2397292\" data-element_type=\"widget\" data-e-type=\"widget\" data-widget_type=\"image.default\">\n\t\t\t\t<div class=\"elementor-widget-container\">\n\t\t\t\t\t\t\t\t\t\t\t\t\t\t\t<img loading=\"lazy\" decoding=\"async\" width=\"768\" height=\"1024\" src=\"https:\/\/www.activeoncokids.org\/wp-content\/uploads\/2026\/09\/IMG_0860-768x1024.jpeg\" class=\"attachment-large size-large wp-image-39760\" alt=\"\" srcset=\"https:\/\/www.activeoncokids.org\/wp-content\/uploads\/2026\/09\/IMG_0860-768x1024.jpeg 768w, https:\/\/www.activeoncokids.org\/wp-content\/uploads\/2026\/09\/IMG_0860-225x300.jpeg 225w, https:\/\/www.activeoncokids.org\/wp-content\/uploads\/2026\/09\/IMG_0860-1152x1536.jpeg 1152w, https:\/\/www.activeoncokids.org\/wp-content\/uploads\/2026\/09\/IMG_0860-1536x2048.jpeg 1536w, https:\/\/www.activeoncokids.org\/wp-content\/uploads\/2026\/09\/IMG_0860-9x12.jpeg 9w, https:\/\/www.activeoncokids.org\/wp-content\/uploads\/2026\/09\/IMG_0860-scaled.jpeg 1920w\" sizes=\"(max-width: 768px) 100vw, 768px\" \/>\t\t\t\t\t\t\t\t\t\t\t\t\t\t\t<\/div>\n\t\t\t\t<\/div>\n\t\t\t\t<div class=\"elementor-element elementor-element-9cdf357 elementor-widget elementor-widget-image\" data-id=\"9cdf357\" data-element_type=\"widget\" data-e-type=\"widget\" data-widget_type=\"image.default\">\n\t\t\t\t<div class=\"elementor-widget-container\">\n\t\t\t\t\t\t\t\t\t\t\t\t\t\t\t<img loading=\"lazy\" decoding=\"async\" width=\"768\" height=\"1024\" src=\"https:\/\/www.activeoncokids.org\/wp-content\/uploads\/2026\/09\/IMG_0895-1-768x1024.jpeg\" class=\"attachment-large size-large wp-image-39753\" alt=\"\" srcset=\"https:\/\/www.activeoncokids.org\/wp-content\/uploads\/2026\/09\/IMG_0895-1-768x1024.jpeg 768w, https:\/\/www.activeoncokids.org\/wp-content\/uploads\/2026\/09\/IMG_0895-1-225x300.jpeg 225w, https:\/\/www.activeoncokids.org\/wp-content\/uploads\/2026\/09\/IMG_0895-1-1152x1536.jpeg 1152w, https:\/\/www.activeoncokids.org\/wp-content\/uploads\/2026\/09\/IMG_0895-1-1536x2048.jpeg 1536w, https:\/\/www.activeoncokids.org\/wp-content\/uploads\/2026\/09\/IMG_0895-1-9x12.jpeg 9w, https:\/\/www.activeoncokids.org\/wp-content\/uploads\/2026\/09\/IMG_0895-1-scaled.jpeg 1920w\" sizes=\"(max-width: 768px) 100vw, 768px\" \/>\t\t\t\t\t\t\t\t\t\t\t\t\t\t\t<\/div>\n\t\t\t\t<\/div>\n\t\t\t\t<div class=\"elementor-element elementor-element-1d03f41 elementor-widget elementor-widget-image\" data-id=\"1d03f41\" data-element_type=\"widget\" data-e-type=\"widget\" data-widget_type=\"image.default\">\n\t\t\t\t<div class=\"elementor-widget-container\">\n\t\t\t\t\t\t\t\t\t\t\t\t\t\t\t<img loading=\"lazy\" decoding=\"async\" width=\"768\" height=\"1024\" src=\"https:\/\/www.activeoncokids.org\/wp-content\/uploads\/2026\/09\/IMG_1502-1-768x1024.jpeg\" class=\"attachment-large size-large wp-image-39750\" alt=\"\" srcset=\"https:\/\/www.activeoncokids.org\/wp-content\/uploads\/2026\/09\/IMG_1502-1-768x1024.jpeg 768w, https:\/\/www.activeoncokids.org\/wp-content\/uploads\/2026\/09\/IMG_1502-1-225x300.jpeg 225w, https:\/\/www.activeoncokids.org\/wp-content\/uploads\/2026\/09\/IMG_1502-1-1152x1536.jpeg 1152w, https:\/\/www.activeoncokids.org\/wp-content\/uploads\/2026\/09\/IMG_1502-1-1536x2048.jpeg 1536w, https:\/\/www.activeoncokids.org\/wp-content\/uploads\/2026\/09\/IMG_1502-1-9x12.jpeg 9w, https:\/\/www.activeoncokids.org\/wp-content\/uploads\/2026\/09\/IMG_1502-1-scaled.jpeg 1920w\" sizes=\"(max-width: 768px) 100vw, 768px\" \/>\t\t\t\t\t\t\t\t\t\t\t\t\t\t\t<\/div>\n\t\t\t\t<\/div>\n\t\t\t\t\t<\/div>\n\t\t\t\t<\/div>\n\t\t\t\t<div class=\"elementor-element elementor-element-403e9f4 elementor-widget elementor-widget-text-editor\" data-id=\"403e9f4\" data-element_type=\"widget\" data-e-type=\"widget\" data-widget_type=\"text-editor.default\">\n\t\t\t\t<div class=\"elementor-widget-container\">\n\t\t\t\t\t\t\t\t\t<p class=\"isSelectedEnd\" style=\"text-align: center;\">Besonders sp\u00fcrbar war dabei der verbindende Charakter des Projekts: Schwerstkranke Kinder und Jugendliche waren motiviert, ihre Zimmer zu verlassen und an Kleingruppenangeboten teilzunehmen. Dadurch konnten mehr Patient*innen und Familien erreicht und Begegnungen auch stations\u00fcbergreifend erm\u00f6glicht werden. Bewegung wurde so zu einem Anlass f\u00fcr Gemeinschaft, Freude und ein St\u00fcck Normalit\u00e4t im Klinikalltag.<\/p>\t\t\t\t\t\t\t\t<\/div>\n\t\t\t\t<\/div>\n\t\t<div class=\"elementor-element elementor-element-655276b e-grid e-con-boxed e-con e-parent\" data-id=\"655276b\" data-element_type=\"container\" data-e-type=\"container\">\n\t\t\t\t\t<div class=\"e-con-inner\">\n\t\t\t\t<div class=\"elementor-element elementor-element-555f28d elementor-widget elementor-widget-image\" data-id=\"555f28d\" data-element_type=\"widget\" data-e-type=\"widget\" data-widget_type=\"image.default\">\n\t\t\t\t<div class=\"elementor-widget-container\">\n\t\t\t\t\t\t\t\t\t\t\t\t\t\t\t<img loading=\"lazy\" decoding=\"async\" width=\"800\" height=\"600\" src=\"https:\/\/www.activeoncokids.org\/wp-content\/uploads\/2026\/09\/IMG_0864-1-1024x768.jpeg\" class=\"attachment-large size-large wp-image-39756\" alt=\"\" srcset=\"https:\/\/www.activeoncokids.org\/wp-content\/uploads\/2026\/09\/IMG_0864-1-1024x768.jpeg 1024w, https:\/\/www.activeoncokids.org\/wp-content\/uploads\/2026\/09\/IMG_0864-1-300x225.jpeg 300w, https:\/\/www.activeoncokids.org\/wp-content\/uploads\/2026\/09\/IMG_0864-1-768x576.jpeg 768w, https:\/\/www.activeoncokids.org\/wp-content\/uploads\/2026\/09\/IMG_0864-1-1536x1152.jpeg 1536w, https:\/\/www.activeoncokids.org\/wp-content\/uploads\/2026\/09\/IMG_0864-1-2048x1536.jpeg 2048w, https:\/\/www.activeoncokids.org\/wp-content\/uploads\/2026\/09\/IMG_0864-1-16x12.jpeg 16w\" sizes=\"(max-width: 800px) 100vw, 800px\" \/>\t\t\t\t\t\t\t\t\t\t\t\t\t\t\t<\/div>\n\t\t\t\t<\/div>\n\t\t\t\t<div class=\"elementor-element elementor-element-be383c2 elementor-widget elementor-widget-image\" data-id=\"be383c2\" data-element_type=\"widget\" data-e-type=\"widget\" data-widget_type=\"image.default\">\n\t\t\t\t<div class=\"elementor-widget-container\">\n\t\t\t\t\t\t\t\t\t\t\t\t\t\t\t<img loading=\"lazy\" decoding=\"async\" width=\"800\" height=\"600\" src=\"https:\/\/www.activeoncokids.org\/wp-content\/uploads\/2026\/09\/IMG_1522-1-1024x768.jpeg\" class=\"attachment-large size-large wp-image-39748\" alt=\"\" srcset=\"https:\/\/www.activeoncokids.org\/wp-content\/uploads\/2026\/09\/IMG_1522-1-1024x768.jpeg 1024w, https:\/\/www.activeoncokids.org\/wp-content\/uploads\/2026\/09\/IMG_1522-1-300x225.jpeg 300w, https:\/\/www.activeoncokids.org\/wp-content\/uploads\/2026\/09\/IMG_1522-1-768x576.jpeg 768w, https:\/\/www.activeoncokids.org\/wp-content\/uploads\/2026\/09\/IMG_1522-1-1536x1152.jpeg 1536w, https:\/\/www.activeoncokids.org\/wp-content\/uploads\/2026\/09\/IMG_1522-1-2048x1536.jpeg 2048w, https:\/\/www.activeoncokids.org\/wp-content\/uploads\/2026\/09\/IMG_1522-1-16x12.jpeg 16w\" sizes=\"(max-width: 800px) 100vw, 800px\" \/>\t\t\t\t\t\t\t\t\t\t\t\t\t\t\t<\/div>\n\t\t\t\t<\/div>\n\t\t\t\t<div class=\"elementor-element elementor-element-1f5c5cc elementor-widget elementor-widget-image\" data-id=\"1f5c5cc\" data-element_type=\"widget\" data-e-type=\"widget\" data-widget_type=\"image.default\">\n\t\t\t\t<div class=\"elementor-widget-container\">\n\t\t\t\t\t\t\t\t\t\t\t\t\t\t\t<img loading=\"lazy\" decoding=\"async\" width=\"800\" height=\"600\" src=\"https:\/\/www.activeoncokids.org\/wp-content\/uploads\/2026\/09\/IMG_1396-1-1024x768.jpeg\" class=\"attachment-large size-large wp-image-39752\" alt=\"\" srcset=\"https:\/\/www.activeoncokids.org\/wp-content\/uploads\/2026\/09\/IMG_1396-1-1024x768.jpeg 1024w, https:\/\/www.activeoncokids.org\/wp-content\/uploads\/2026\/09\/IMG_1396-1-300x225.jpeg 300w, https:\/\/www.activeoncokids.org\/wp-content\/uploads\/2026\/09\/IMG_1396-1-768x576.jpeg 768w, https:\/\/www.activeoncokids.org\/wp-content\/uploads\/2026\/09\/IMG_1396-1-1536x1152.jpeg 1536w, https:\/\/www.activeoncokids.org\/wp-content\/uploads\/2026\/09\/IMG_1396-1-2048x1536.jpeg 2048w, https:\/\/www.activeoncokids.org\/wp-content\/uploads\/2026\/09\/IMG_1396-1-16x12.jpeg 16w\" sizes=\"(max-width: 800px) 100vw, 800px\" \/>\t\t\t\t\t\t\t\t\t\t\t\t\t\t\t<\/div>\n\t\t\t\t<\/div>\n\t\t\t\t\t<\/div>\n\t\t\t\t<\/div>\n\t\t\t\t<div class=\"elementor-element elementor-element-2df1786 elementor-widget elementor-widget-spacer\" data-id=\"2df1786\" data-element_type=\"widget\" data-e-type=\"widget\" data-widget_type=\"spacer.default\">\n\t\t\t\t<div class=\"elementor-widget-container\">\n\t\t\t\t\t\t\t<div class=\"elementor-spacer\">\n\t\t\t<div class=\"elementor-spacer-inner\"><\/div>\n\t\t<\/div>\n\t\t\t\t\t\t<\/div>\n\t\t\t\t<\/div>\n\t\t\t\t<div class=\"elementor-element elementor-element-03c34a6 elementor-widget elementor-widget-text-editor\" data-id=\"03c34a6\" data-element_type=\"widget\" data-e-type=\"widget\" data-widget_type=\"text-editor.default\">\n\t\t\t\t<div class=\"elementor-widget-container\">\n\t\t\t\t\t\t\t\t\t<h4 class=\"isSelectedEnd\" style=\"text-align: center;\">Der \u201eBewegte Sommer\u201c hat einmal mehr gezeigt, wie wertvoll vielf\u00e4ltige Angebote f\u00fcr die jungen Patient*innen und ihre Familien sind. Wir freuen uns sehr \u00fcber die vielen sch\u00f6nen Begegnungen und Erlebnisse \u2013 und blicken bereits voller Vorfreude dem n\u00e4chsten \u201eBewegten \u2026\u201c entgegen.<\/h4><h4 style=\"text-align: center;\">Vielen Dank an alle, die mitgemacht haben!<\/h4>\t\t\t\t\t\t\t\t<\/div>\n\t\t\t\t<\/div>\n\t\t\t\t<div class=\"elementor-element elementor-element-e2185e6 elementor-widget elementor-widget-spacer\" data-id=\"e2185e6\" data-element_type=\"widget\" data-e-type=\"widget\" data-widget_type=\"spacer.default\">\n\t\t\t\t<div class=\"elementor-widget-container\">\n\t\t\t\t\t\t\t<div class=\"elementor-spacer\">\n\t\t\t<div class=\"elementor-spacer-inner\"><\/div>\n\t\t<\/div>\n\t\t\t\t\t\t<\/div>\n\t\t\t\t<\/div>\n\t\t<div class=\"elementor-element elementor-element-1ae42c7 e-grid e-con-boxed e-con e-parent\" data-id=\"1ae42c7\" data-element_type=\"container\" data-e-type=\"container\">\n\t\t\t\t\t<div class=\"e-con-inner\">\n\t\t\t\t<div class=\"elementor-element elementor-element-4b3e258 elementor-widget elementor-widget-image\" data-id=\"4b3e258\" data-element_type=\"widget\" data-e-type=\"widget\" data-widget_type=\"image.default\">\n\t\t\t\t<div class=\"elementor-widget-container\">\n\t\t\t\t\t\t\t\t\t\t\t\t\t\t\t<img loading=\"lazy\" decoding=\"async\" width=\"768\" height=\"1024\" src=\"https:\/\/www.activeoncokids.org\/wp-content\/uploads\/2026\/09\/IMG_1473-1-768x1024.jpeg\" class=\"attachment-medium_large size-medium_large wp-image-39746\" alt=\"\" srcset=\"https:\/\/www.activeoncokids.org\/wp-content\/uploads\/2026\/09\/IMG_1473-1-768x1024.jpeg 768w, https:\/\/www.activeoncokids.org\/wp-content\/uploads\/2026\/09\/IMG_1473-1-225x300.jpeg 225w, https:\/\/www.activeoncokids.org\/wp-content\/uploads\/2026\/09\/IMG_1473-1-1152x1536.jpeg 1152w, https:\/\/www.activeoncokids.org\/wp-content\/uploads\/2026\/09\/IMG_1473-1-1536x2048.jpeg 1536w, https:\/\/www.activeoncokids.org\/wp-content\/uploads\/2026\/09\/IMG_1473-1-9x12.jpeg 9w, https:\/\/www.activeoncokids.org\/wp-content\/uploads\/2026\/09\/IMG_1473-1-scaled.jpeg 1920w\" sizes=\"(max-width: 768px) 100vw, 768px\" \/>\t\t\t\t\t\t\t\t\t\t\t\t\t\t\t<\/div>\n\t\t\t\t<\/div>\n\t\t\t\t<div class=\"elementor-element elementor-element-9311da4 elementor-widget elementor-widget-image\" data-id=\"9311da4\" data-element_type=\"widget\" data-e-type=\"widget\" data-widget_type=\"image.default\">\n\t\t\t\t<div class=\"elementor-widget-container\">\n\t\t\t\t\t\t\t\t\t\t\t\t\t\t\t<img loading=\"lazy\" decoding=\"async\" width=\"768\" height=\"1024\" src=\"https:\/\/www.activeoncokids.org\/wp-content\/uploads\/2026\/09\/IMG_0862-768x1024.jpeg\" class=\"attachment-medium_large size-medium_large wp-image-39757\" alt=\"\" srcset=\"https:\/\/www.activeoncokids.org\/wp-content\/uploads\/2026\/09\/IMG_0862-768x1024.jpeg 768w, https:\/\/www.activeoncokids.org\/wp-content\/uploads\/2026\/09\/IMG_0862-225x300.jpeg 225w, https:\/\/www.activeoncokids.org\/wp-content\/uploads\/2026\/09\/IMG_0862-1152x1536.jpeg 1152w, https:\/\/www.activeoncokids.org\/wp-content\/uploads\/2026\/09\/IMG_0862-1536x2048.jpeg 1536w, https:\/\/www.activeoncokids.org\/wp-content\/uploads\/2026\/09\/IMG_0862-9x12.jpeg 9w, https:\/\/www.activeoncokids.org\/wp-content\/uploads\/2026\/09\/IMG_0862-scaled.jpeg 1920w\" sizes=\"(max-width: 768px) 100vw, 768px\" \/>\t\t\t\t\t\t\t\t\t\t\t\t\t\t\t<\/div>\n\t\t\t\t<\/div>\n\t\t\t\t\t<\/div>\n\t\t\t\t<\/div>\n\t\t\t\t<div class=\"elementor-element elementor-element-f583683 elementor-widget elementor-widget-image\" data-id=\"f583683\" data-element_type=\"widget\" data-e-type=\"widget\" data-widget_type=\"image.default\">\n\t\t\t\t<div class=\"elementor-widget-container\">\n\t\t\t\t\t\t\t\t\t\t\t\t\t\t\t<img loading=\"lazy\" decoding=\"async\" width=\"800\" height=\"534\" src=\"https:\/\/www.activeoncokids.org\/wp-content\/uploads\/2026\/09\/40E9268B-70D7-4C13-8818-7C080CFE7E3D-1024x683.png\" class=\"attachment-large size-large wp-image-39771\" alt=\"\" srcset=\"https:\/\/www.activeoncokids.org\/wp-content\/uploads\/2026\/09\/40E9268B-70D7-4C13-8818-7C080CFE7E3D-1024x683.png 1024w, https:\/\/www.activeoncokids.org\/wp-content\/uploads\/2026\/09\/40E9268B-70D7-4C13-8818-7C080CFE7E3D-300x200.png 300w, https:\/\/www.activeoncokids.org\/wp-content\/uploads\/2026\/09\/40E9268B-70D7-4C13-8818-7C080CFE7E3D-768x512.png 768w, https:\/\/www.activeoncokids.org\/wp-content\/uploads\/2026\/09\/40E9268B-70D7-4C13-8818-7C080CFE7E3D-18x12.png 18w, https:\/\/www.activeoncokids.org\/wp-content\/uploads\/2026\/09\/40E9268B-70D7-4C13-8818-7C080CFE7E3D.png 1536w\" sizes=\"(max-width: 800px) 100vw, 800px\" \/>\t\t\t\t\t\t\t\t\t\t\t\t\t\t\t<\/div>\n\t\t\t\t<\/div>\n\t\t\t\t<div class=\"elementor-element elementor-element-234cdfe elementor-widget elementor-widget-spacer\" data-id=\"234cdfe\" data-element_type=\"widget\" data-e-type=\"widget\" data-widget_type=\"spacer.default\">\n\t\t\t\t<div class=\"elementor-widget-container\">\n\t\t\t\t\t\t\t<div class=\"elementor-spacer\">\n\t\t\t<div class=\"elementor-spacer-inner\"><\/div>\n\t\t<\/div>\n\t\t\t\t\t\t<\/div>\n\t\t\t\t<\/div>\n\t\t\t\t\t<\/div>\n\t\t<\/div>\n\t\t\t\t\t<\/div>\n\t\t<\/section>\n\t\t<div class=\"elementor-element elementor-element-452bf09 e-flex e-con-boxed e-con e-parent\" data-id=\"452bf09\" data-element_type=\"container\" data-e-type=\"container\">\n\t\t\t\t\t<div class=\"e-con-inner\">\n\t\t\t\t\t<\/div>\n\t\t\t\t<\/div>\n\t\t\t\t<\/div>","protected":false},"excerpt":{"rendered":"<p>Neues vom NAOK-Standort Freiburg<\/p>","protected":false},"author":4,"featured_media":39734,"comment_status":"closed","ping_status":"closed","sticky":false,"template":"","format":"standard","meta":{"_acf_changed":false,"footnotes":""},"categories":[1],"tags":[],"class_list":["post-39723","post","type-post","status-publish","format-standard","has-post-thumbnail","hentry","category-allgemein"],"acf":[],"yoast_head":"<!-- This site is optimized with the Yoast SEO plugin v28.4 - https:\/\/yoast.com\/product\/yoast-seo-wordpress\/ -->\n<title>Bericht: \u201eBewegter Sommer\u201c - Gemeinsam in Bewegung! - Netzwerk ActiveOncoKids<\/title>\n<meta name=\"robots\" content=\"index, follow, max-snippet:-1, max-image-preview:large, max-video-preview:-1\" \/>\n<link rel=\"canonical\" href=\"https:\/\/www.activeoncokids.org\/en\/bericht-bewegter-sommer-gemeinsam-in-bewegung\/\" \/>\n<meta property=\"og:locale\" content=\"en_GB\" \/>\n<meta property=\"og:type\" content=\"article\" \/>\n<meta property=\"og:title\" content=\"Bericht: \u201eBewegter Sommer\u201c - Gemeinsam in Bewegung! - Netzwerk ActiveOncoKids\" \/>\n<meta property=\"og:description\" content=\"Neues vom NAOK-Standort Freiburg\" \/>\n<meta property=\"og:url\" content=\"https:\/\/www.activeoncokids.org\/en\/bericht-bewegter-sommer-gemeinsam-in-bewegung\/\" \/>\n<meta property=\"og:site_name\" content=\"Netzwerk ActiveOncoKids\" \/>\n<meta property=\"article:published_time\" content=\"2026-09-02T11:56:31+00:00\" \/>\n<meta property=\"article:modified_time\" content=\"2026-09-02T11:56:32+00:00\" \/>\n<meta property=\"og:image\" content=\"https:\/\/www.activeoncokids.org\/wp-content\/uploads\/2026\/09\/IMG_1396-scaled.jpeg\" \/>\n\t<meta property=\"og:image:width\" content=\"2560\" \/>\n\t<meta property=\"og:image:height\" content=\"1920\" \/>\n\t<meta property=\"og:image:type\" content=\"image\/jpeg\" \/>\n<meta name=\"author\" content=\"gauss_admin\" \/>\n<meta name=\"twitter:card\" content=\"summary_large_image\" \/>\n<meta name=\"twitter:label1\" content=\"Written by\" \/>\n\t<meta name=\"twitter:data1\" content=\"gauss_admin\" \/>\n\t<meta name=\"twitter:label2\" content=\"Est. reading time\" \/>\n\t<meta name=\"twitter:data2\" content=\"5 minutes\" \/>\n<script type=\"application\/ld+json\" class=\"yoast-schema-graph\">{\"@context\":\"https:\\\/\\\/schema.org\",\"@graph\":[{\"@type\":\"Article\",\"@id\":\"https:\\\/\\\/www.activeoncokids.org\\\/bericht-bewegter-sommer-gemeinsam-in-bewegung\\\/#article\",\"isPartOf\":{\"@id\":\"https:\\\/\\\/www.activeoncokids.org\\\/bericht-bewegter-sommer-gemeinsam-in-bewegung\\\/\"},\"author\":{\"name\":\"gauss_admin\",\"@id\":\"https:\\\/\\\/www.activeoncokids.org\\\/#\\\/schema\\\/person\\\/772f43237880dda259847e7b147da30f\"},\"headline\":\"Bericht: \u201eBewegter Sommer\u201c &#8211; Gemeinsam in Bewegung!\",\"datePublished\":\"2026-09-02T11:56:31+00:00\",\"dateModified\":\"2026-09-02T11:56:32+00:00\",\"mainEntityOfPage\":{\"@id\":\"https:\\\/\\\/www.activeoncokids.org\\\/bericht-bewegter-sommer-gemeinsam-in-bewegung\\\/\"},\"wordCount\":299,\"publisher\":{\"@id\":\"https:\\\/\\\/www.activeoncokids.org\\\/#organization\"},\"image\":{\"@id\":\"https:\\\/\\\/www.activeoncokids.org\\\/bericht-bewegter-sommer-gemeinsam-in-bewegung\\\/#primaryimage\"},\"thumbnailUrl\":\"https:\\\/\\\/www.activeoncokids.org\\\/wp-content\\\/uploads\\\/2026\\\/09\\\/IMG_1396-scaled.jpeg\",\"articleSection\":[\"Allgemein\"],\"inLanguage\":\"en-GB\"},{\"@type\":\"WebPage\",\"@id\":\"https:\\\/\\\/www.activeoncokids.org\\\/bericht-bewegter-sommer-gemeinsam-in-bewegung\\\/\",\"url\":\"https:\\\/\\\/www.activeoncokids.org\\\/bericht-bewegter-sommer-gemeinsam-in-bewegung\\\/\",\"name\":\"Bericht: \u201eBewegter Sommer\u201c - Gemeinsam in Bewegung! - Netzwerk ActiveOncoKids\",\"isPartOf\":{\"@id\":\"https:\\\/\\\/www.activeoncokids.org\\\/#website\"},\"primaryImageOfPage\":{\"@id\":\"https:\\\/\\\/www.activeoncokids.org\\\/bericht-bewegter-sommer-gemeinsam-in-bewegung\\\/#primaryimage\"},\"image\":{\"@id\":\"https:\\\/\\\/www.activeoncokids.org\\\/bericht-bewegter-sommer-gemeinsam-in-bewegung\\\/#primaryimage\"},\"thumbnailUrl\":\"https:\\\/\\\/www.activeoncokids.org\\\/wp-content\\\/uploads\\\/2026\\\/09\\\/IMG_1396-scaled.jpeg\",\"datePublished\":\"2026-09-02T11:56:31+00:00\",\"dateModified\":\"2026-09-02T11:56:32+00:00\",\"breadcrumb\":{\"@id\":\"https:\\\/\\\/www.activeoncokids.org\\\/bericht-bewegter-sommer-gemeinsam-in-bewegung\\\/#breadcrumb\"},\"inLanguage\":\"en-GB\",\"potentialAction\":[{\"@type\":\"ReadAction\",\"target\":[\"https:\\\/\\\/www.activeoncokids.org\\\/bericht-bewegter-sommer-gemeinsam-in-bewegung\\\/\"]}]},{\"@type\":\"ImageObject\",\"inLanguage\":\"en-GB\",\"@id\":\"https:\\\/\\\/www.activeoncokids.org\\\/bericht-bewegter-sommer-gemeinsam-in-bewegung\\\/#primaryimage\",\"url\":\"https:\\\/\\\/www.activeoncokids.org\\\/wp-content\\\/uploads\\\/2026\\\/09\\\/IMG_1396-scaled.jpeg\",\"contentUrl\":\"https:\\\/\\\/www.activeoncokids.org\\\/wp-content\\\/uploads\\\/2026\\\/09\\\/IMG_1396-scaled.jpeg\",\"width\":2560,\"height\":1920},{\"@type\":\"BreadcrumbList\",\"@id\":\"https:\\\/\\\/www.activeoncokids.org\\\/bericht-bewegter-sommer-gemeinsam-in-bewegung\\\/#breadcrumb\",\"itemListElement\":[{\"@type\":\"ListItem\",\"position\":1,\"name\":\"Startseite\",\"item\":\"https:\\\/\\\/www.activeoncokids.org\\\/\"},{\"@type\":\"ListItem\",\"position\":2,\"name\":\"Bericht: \u201eBewegter Sommer\u201c &#8211; Gemeinsam in Bewegung!\"}]},{\"@type\":\"WebSite\",\"@id\":\"https:\\\/\\\/www.activeoncokids.org\\\/#website\",\"url\":\"https:\\\/\\\/www.activeoncokids.org\\\/\",\"name\":\"Netzwerk ActiveOncoKids\",\"description\":\"Entdecke deine M\u00f6glichkeiten\",\"publisher\":{\"@id\":\"https:\\\/\\\/www.activeoncokids.org\\\/#organization\"},\"potentialAction\":[{\"@type\":\"SearchAction\",\"target\":{\"@type\":\"EntryPoint\",\"urlTemplate\":\"https:\\\/\\\/www.activeoncokids.org\\\/?s={search_term_string}\"},\"query-input\":{\"@type\":\"PropertyValueSpecification\",\"valueRequired\":true,\"valueName\":\"search_term_string\"}}],\"inLanguage\":\"en-GB\"},{\"@type\":\"Organization\",\"@id\":\"https:\\\/\\\/www.activeoncokids.org\\\/#organization\",\"name\":\"Netzwerk ActiveOncoKids\",\"url\":\"https:\\\/\\\/www.activeoncokids.org\\\/\",\"logo\":{\"@type\":\"ImageObject\",\"inLanguage\":\"en-GB\",\"@id\":\"https:\\\/\\\/www.activeoncokids.org\\\/#\\\/schema\\\/logo\\\/image\\\/\",\"url\":\"https:\\\/\\\/www.activeoncokids.org\\\/wp-content\\\/uploads\\\/2019\\\/10\\\/Element-4_1280px-1.png\",\"contentUrl\":\"https:\\\/\\\/www.activeoncokids.org\\\/wp-content\\\/uploads\\\/2019\\\/10\\\/Element-4_1280px-1.png\",\"width\":1281,\"height\":761,\"caption\":\"Netzwerk ActiveOncoKids\"},\"image\":{\"@id\":\"https:\\\/\\\/www.activeoncokids.org\\\/#\\\/schema\\\/logo\\\/image\\\/\"}},{\"@type\":\"Person\",\"@id\":\"https:\\\/\\\/www.activeoncokids.org\\\/#\\\/schema\\\/person\\\/772f43237880dda259847e7b147da30f\",\"name\":\"gauss_admin\",\"url\":\"https:\\\/\\\/www.activeoncokids.org\\\/en\\\/author\\\/gauss_admin\\\/\"}]}<\/script>\n<!-- \/ Yoast SEO plugin. -->","yoast_head_json":{"title":"Bericht: \u201eBewegter Sommer\u201c - Gemeinsam in Bewegung! - Netzwerk ActiveOncoKids","robots":{"index":"index","follow":"follow","max-snippet":"max-snippet:-1","max-image-preview":"max-image-preview:large","max-video-preview":"max-video-preview:-1"},"canonical":"https:\/\/www.activeoncokids.org\/en\/bericht-bewegter-sommer-gemeinsam-in-bewegung\/","og_locale":"en_GB","og_type":"article","og_title":"Bericht: \u201eBewegter Sommer\u201c - Gemeinsam in Bewegung! - Netzwerk ActiveOncoKids","og_description":"Neues vom NAOK-Standort Freiburg","og_url":"https:\/\/www.activeoncokids.org\/en\/bericht-bewegter-sommer-gemeinsam-in-bewegung\/","og_site_name":"Netzwerk ActiveOncoKids","article_published_time":"2026-09-02T11:56:31+00:00","article_modified_time":"2026-09-02T11:56:32+00:00","og_image":[{"width":2560,"height":1920,"url":"https:\/\/www.activeoncokids.org\/wp-content\/uploads\/2026\/09\/IMG_1396-scaled.jpeg","type":"image\/jpeg"}],"author":"gauss_admin","twitter_card":"summary_large_image","twitter_misc":{"Written by":"gauss_admin","Est. reading time":"5 minutes"},"schema":{"@context":"https:\/\/schema.org","@graph":[{"@type":"Article","@id":"https:\/\/www.activeoncokids.org\/bericht-bewegter-sommer-gemeinsam-in-bewegung\/#article","isPartOf":{"@id":"https:\/\/www.activeoncokids.org\/bericht-bewegter-sommer-gemeinsam-in-bewegung\/"},"author":{"name":"gauss_admin","@id":"https:\/\/www.activeoncokids.org\/#\/schema\/person\/772f43237880dda259847e7b147da30f"},"headline":"Bericht: \u201eBewegter Sommer\u201c &#8211; Gemeinsam in Bewegung!","datePublished":"2026-09-02T11:56:31+00:00","dateModified":"2026-09-02T11:56:32+00:00","mainEntityOfPage":{"@id":"https:\/\/www.activeoncokids.org\/bericht-bewegter-sommer-gemeinsam-in-bewegung\/"},"wordCount":299,"publisher":{"@id":"https:\/\/www.activeoncokids.org\/#organization"},"image":{"@id":"https:\/\/www.activeoncokids.org\/bericht-bewegter-sommer-gemeinsam-in-bewegung\/#primaryimage"},"thumbnailUrl":"https:\/\/www.activeoncokids.org\/wp-content\/uploads\/2026\/09\/IMG_1396-scaled.jpeg","articleSection":["Allgemein"],"inLanguage":"en-GB"},{"@type":"WebPage","@id":"https:\/\/www.activeoncokids.org\/bericht-bewegter-sommer-gemeinsam-in-bewegung\/","url":"https:\/\/www.activeoncokids.org\/bericht-bewegter-sommer-gemeinsam-in-bewegung\/","name":"Bericht: \u201eBewegter Sommer\u201c - Gemeinsam in Bewegung! - Netzwerk ActiveOncoKids","isPartOf":{"@id":"https:\/\/www.activeoncokids.org\/#website"},"primaryImageOfPage":{"@id":"https:\/\/www.activeoncokids.org\/bericht-bewegter-sommer-gemeinsam-in-bewegung\/#primaryimage"},"image":{"@id":"https:\/\/www.activeoncokids.org\/bericht-bewegter-sommer-gemeinsam-in-bewegung\/#primaryimage"},"thumbnailUrl":"https:\/\/www.activeoncokids.org\/wp-content\/uploads\/2026\/09\/IMG_1396-scaled.jpeg","datePublished":"2026-09-02T11:56:31+00:00","dateModified":"2026-09-02T11:56:32+00:00","breadcrumb":{"@id":"https:\/\/www.activeoncokids.org\/bericht-bewegter-sommer-gemeinsam-in-bewegung\/#breadcrumb"},"inLanguage":"en-GB","potentialAction":[{"@type":"ReadAction","target":["https:\/\/www.activeoncokids.org\/bericht-bewegter-sommer-gemeinsam-in-bewegung\/"]}]},{"@type":"ImageObject","inLanguage":"en-GB","@id":"https:\/\/www.activeoncokids.org\/bericht-bewegter-sommer-gemeinsam-in-bewegung\/#primaryimage","url":"https:\/\/www.activeoncokids.org\/wp-content\/uploads\/2026\/09\/IMG_1396-scaled.jpeg","contentUrl":"https:\/\/www.activeoncokids.org\/wp-content\/uploads\/2026\/09\/IMG_1396-scaled.jpeg","width":2560,"height":1920},{"@type":"BreadcrumbList","@id":"https:\/\/www.activeoncokids.org\/bericht-bewegter-sommer-gemeinsam-in-bewegung\/#breadcrumb","itemListElement":[{"@type":"ListItem","position":1,"name":"Startseite","item":"https:\/\/www.activeoncokids.org\/"},{"@type":"ListItem","position":2,"name":"Bericht: \u201eBewegter Sommer\u201c &#8211; Gemeinsam in Bewegung!"}]},{"@type":"WebSite","@id":"https:\/\/www.activeoncokids.org\/#website","url":"https:\/\/www.activeoncokids.org\/","name":"Netzwerk ActiveOncoKids","description":"Entdecke deine M\u00f6glichkeiten","publisher":{"@id":"https:\/\/www.activeoncokids.org\/#organization"},"potentialAction":[{"@type":"SearchAction","target":{"@type":"EntryPoint","urlTemplate":"https:\/\/www.activeoncokids.org\/?s={search_term_string}"},"query-input":{"@type":"PropertyValueSpecification","valueRequired":true,"valueName":"search_term_string"}}],"inLanguage":"en-GB"},{"@type":"Organization","@id":"https:\/\/www.activeoncokids.org\/#organization","name":"Netzwerk ActiveOncoKids","url":"https:\/\/www.activeoncokids.org\/","logo":{"@type":"ImageObject","inLanguage":"en-GB","@id":"https:\/\/www.activeoncokids.org\/#\/schema\/logo\/image\/","url":"https:\/\/www.activeoncokids.org\/wp-content\/uploads\/2019\/10\/Element-4_1280px-1.png","contentUrl":"https:\/\/www.activeoncokids.org\/wp-content\/uploads\/2019\/10\/Element-4_1280px-1.png","width":1281,"height":761,"caption":"Netzwerk ActiveOncoKids"},"image":{"@id":"https:\/\/www.activeoncokids.org\/#\/schema\/logo\/image\/"}},{"@type":"Person","@id":"https:\/\/www.activeoncokids.org\/#\/schema\/person\/772f43237880dda259847e7b147da30f","name":"gauss_admin","url":"https:\/\/www.activeoncokids.org\/en\/author\/gauss_admin\/"}]}},"_links":{"self":[{"href":"https:\/\/www.activeoncokids.org\/en\/wp-json\/wp\/v2\/posts\/39723","targetHints":{"allow":["GET"]}}],"collection":[{"href":"https:\/\/www.activeoncokids.org\/en\/wp-json\/wp\/v2\/posts"}],"about":[{"href":"https:\/\/www.activeoncokids.org\/en\/wp-json\/wp\/v2\/types\/post"}],"author":[{"embeddable":true,"href":"https:\/\/www.activeoncokids.org\/en\/wp-json\/wp\/v2\/users\/4"}],"replies":[{"embeddable":true,"href":"https:\/\/www.activeoncokids.org\/en\/wp-json\/wp\/v2\/comments?post=39723"}],"version-history":[{"count":4,"href":"https:\/\/www.activeoncokids.org\/en\/wp-json\/wp\/v2\/posts\/39723\/revisions"}],"predecessor-version":[{"id":39775,"href":"https:\/\/www.activeoncokids.org\/en\/wp-json\/wp\/v2\/posts\/39723\/revisions\/39775"}],"wp:featuredmedia":[{"embeddable":true,"href":"https:\/\/www.activeoncokids.org\/en\/wp-json\/wp\/v2\/media\/39734"}],"wp:attachment":[{"href":"https:\/\/www.activeoncokids.org\/en\/wp-json\/wp\/v2\/media?parent=39723"}],"wp:term":[{"taxonomy":"category","embeddable":true,"href":"https:\/\/www.activeoncokids.org\/en\/wp-json\/wp\/v2\/categories?post=39723"},{"taxonomy":"post_tag","embeddable":true,"href":"https:\/\/www.activeoncokids.org\/en\/wp-json\/wp\/v2\/tags?post=39723"}],"curies":[{"name":"wp","href":"https:\/\/api.w.org\/{rel}","templated":true}]}}