{"id":39780,"date":"2026-09-04T12:15:21","date_gmt":"2026-09-04T10:15:21","guid":{"rendered":"https:\/\/www.activeoncokids.org\/?p=39780"},"modified":"2026-09-04T12:27:11","modified_gmt":"2026-09-04T10:27:11","slug":"bericht-wellenreiten-auf-sylt","status":"publish","type":"post","link":"https:\/\/www.activeoncokids.org\/en\/bericht-wellenreiten-auf-sylt\/","title":{"rendered":"Bericht: Wellenreiten auf Sylt"},"content":{"rendered":"<div data-elementor-type=\"wp-post\" data-elementor-id=\"39780\" class=\"elementor elementor-39780\" data-elementor-post-type=\"post\">\n\t\t\t\t\t\t<section data-dce-background-image-url=\"https:\/\/www.activeoncokids.org\/wp-content\/uploads\/2026\/09\/Screenshot-2026-09-02-145119.png\" class=\"elementor-section elementor-top-section elementor-element elementor-element-67b82b8 elementor-section-stretched elementor-section-height-min-height elementor-section-boxed elementor-section-height-default elementor-section-items-middle\" data-id=\"67b82b8\" data-element_type=\"section\" data-e-type=\"section\" data-settings=\"{&quot;stretch_section&quot;:&quot;section-stretched&quot;,&quot;background_background&quot;:&quot;classic&quot;}\">\n\t\t\t\t\t\t<div class=\"elementor-container elementor-column-gap-default\">\n\t\t\t\t\t<div class=\"elementor-column elementor-col-100 elementor-top-column elementor-element elementor-element-7d937f1\" data-id=\"7d937f1\" data-element_type=\"column\" data-e-type=\"column\">\n\t\t\t<div class=\"elementor-widget-wrap\">\n\t\t\t\t\t\t\t<\/div>\n\t\t<\/div>\n\t\t\t\t\t<\/div>\n\t\t<\/section>\n\t\t\t\t<section class=\"elementor-section elementor-top-section elementor-element elementor-element-d101475 elementor-section-stretched elementor-section-height-min-height elementor-section-boxed elementor-section-height-default elementor-section-items-middle\" data-id=\"d101475\" data-element_type=\"section\" data-e-type=\"section\" data-settings=\"{&quot;stretch_section&quot;:&quot;section-stretched&quot;,&quot;background_background&quot;:&quot;classic&quot;}\">\n\t\t\t\t\t\t<div class=\"elementor-container elementor-column-gap-default\">\n\t\t\t\t\t<div class=\"elementor-column elementor-col-50 elementor-top-column elementor-element elementor-element-9c16819\" data-id=\"9c16819\" data-element_type=\"column\" data-e-type=\"column\">\n\t\t\t<div class=\"elementor-widget-wrap\">\n\t\t\t\t\t\t\t<\/div>\n\t\t<\/div>\n\t\t\t\t<div class=\"elementor-column elementor-col-50 elementor-top-column elementor-element elementor-element-68211db\" data-id=\"68211db\" data-element_type=\"column\" data-e-type=\"column\">\n\t\t\t<div class=\"elementor-widget-wrap\">\n\t\t\t\t\t\t\t<\/div>\n\t\t<\/div>\n\t\t\t\t\t<\/div>\n\t\t<\/section>\n\t\t\t\t<section class=\"elementor-section elementor-top-section elementor-element elementor-element-549da94 elementor-section-boxed elementor-section-height-default elementor-section-height-default\" data-id=\"549da94\" data-element_type=\"section\" data-e-type=\"section\">\n\t\t\t\t\t\t<div class=\"elementor-container elementor-column-gap-default\">\n\t\t\t\t\t<div class=\"elementor-column elementor-col-100 elementor-top-column elementor-element elementor-element-61089d8\" data-id=\"61089d8\" data-element_type=\"column\" data-e-type=\"column\">\n\t\t\t<div class=\"elementor-widget-wrap elementor-element-populated\">\n\t\t\t\t\t\t<div class=\"elementor-element elementor-element-39a6b18 elementor-widget elementor-widget-spacer\" data-id=\"39a6b18\" data-element_type=\"widget\" data-e-type=\"widget\" data-widget_type=\"spacer.default\">\n\t\t\t\t<div class=\"elementor-widget-container\">\n\t\t\t\t\t\t\t<div class=\"elementor-spacer\">\n\t\t\t<div class=\"elementor-spacer-inner\"><\/div>\n\t\t<\/div>\n\t\t\t\t\t\t<\/div>\n\t\t\t\t<\/div>\n\t\t\t\t<div class=\"elementor-element elementor-element-57a3e04 elementor-widget elementor-widget-heading\" data-id=\"57a3e04\" data-element_type=\"widget\" data-e-type=\"widget\" data-widget_type=\"heading.default\">\n\t\t\t\t<div class=\"elementor-widget-container\">\n\t\t\t\t\t<h3 class=\"elementor-heading-title elementor-size-default\">Neues vom NAOK-Standort Hannover gemeinsam mit der Universit\u00e4t Hildesheim<\/h3>\t\t\t\t<\/div>\n\t\t\t\t<\/div>\n\t\t\t\t<div class=\"elementor-element elementor-element-7c3ffb0 elementor-widget elementor-widget-heading\" data-id=\"7c3ffb0\" data-element_type=\"widget\" data-e-type=\"widget\" data-widget_type=\"heading.default\">\n\t\t\t\t<div class=\"elementor-widget-container\">\n\t\t\t\t\t<h2 class=\"elementor-heading-title elementor-size-default\">Bericht: Wellenreiten auf Sylt<\/h2>\t\t\t\t<\/div>\n\t\t\t\t<\/div>\n\t\t\t\t<div class=\"elementor-element elementor-element-ac882f5 elementor-widget elementor-widget-heading\" data-id=\"ac882f5\" data-element_type=\"widget\" data-e-type=\"widget\" data-widget_type=\"heading.default\">\n\t\t\t\t<div class=\"elementor-widget-container\">\n\t\t\t\t\t<h3 class=\"elementor-heading-title elementor-size-default\">Surffahrt als rehabilitative Ma\u00dfnahme\nf\u00fcr Familien mit an Krebs erkrankten Kindern<\/h3>\t\t\t\t<\/div>\n\t\t\t\t<\/div>\n\t\t\t\t<div class=\"elementor-element elementor-element-652948d elementor-widget elementor-widget-spacer\" data-id=\"652948d\" data-element_type=\"widget\" data-e-type=\"widget\" data-widget_type=\"spacer.default\">\n\t\t\t\t<div class=\"elementor-widget-container\">\n\t\t\t\t\t\t\t<div class=\"elementor-spacer\">\n\t\t\t<div class=\"elementor-spacer-inner\"><\/div>\n\t\t<\/div>\n\t\t\t\t\t\t<\/div>\n\t\t\t\t<\/div>\n\t\t\t\t<div class=\"elementor-element elementor-element-a637ad1 elementor-widget elementor-widget-text-editor\" data-id=\"a637ad1\" data-element_type=\"widget\" data-e-type=\"widget\" data-widget_type=\"text-editor.default\">\n\t\t\t\t<div class=\"elementor-widget-container\">\n\t\t\t\t\t\t\t\t\t<h4 style=\"text-align: center;\">In der ersten Augustwoche 2026 reisten elf Familien mit ihren an Krebs erkrankten Kindern und deren Geschwistern nach Rantum auf Sylt, um dort gemeinsam mit einem elfk\u00f6pfigen Betreuungsteam eine Woche zu verbringen. Untergebracht war die 51-k\u00f6pfige Gruppe in einem Schullandheim, dessen Lage kaum besser h\u00e4tte gew\u00e4hlt werden k\u00f6nnen. Nur f\u00fcnf Gehminuten trennten die Unterkunft vom Wattenmeer, weitere neun Minuten f\u00fchrten zum Weststrand mit seinem weiten Sandstrand und den f\u00fcr Rantum typischen Wellen \u2013 ideale Voraussetzungen, um jeden Tag aufs Neue ins Wasser zu gehen.<\/h4>\t\t\t\t\t\t\t\t<\/div>\n\t\t\t\t<\/div>\n\t\t\t\t<div class=\"elementor-element elementor-element-17052ec elementor-widget elementor-widget-image\" data-id=\"17052ec\" data-element_type=\"widget\" data-e-type=\"widget\" data-widget_type=\"image.default\">\n\t\t\t\t<div class=\"elementor-widget-container\">\n\t\t\t\t\t\t\t\t\t\t\t\t\t\t\t<img fetchpriority=\"high\" decoding=\"async\" width=\"223\" height=\"244\" src=\"https:\/\/www.activeoncokids.org\/wp-content\/uploads\/2026\/09\/Screenshot-2026-09-02-145105.png\" class=\"attachment-large size-large wp-image-39782\" alt=\"\" srcset=\"https:\/\/www.activeoncokids.org\/wp-content\/uploads\/2026\/09\/Screenshot-2026-09-02-145105.png 223w, https:\/\/www.activeoncokids.org\/wp-content\/uploads\/2026\/09\/Screenshot-2026-09-02-145105-11x12.png 11w\" sizes=\"(max-width: 223px) 100vw, 223px\" \/>\t\t\t\t\t\t\t\t\t\t\t\t\t\t\t<\/div>\n\t\t\t\t<\/div>\n\t\t\t\t<div class=\"elementor-element elementor-element-d7db0d5 elementor-widget elementor-widget-text-editor\" data-id=\"d7db0d5\" data-element_type=\"widget\" data-e-type=\"widget\" data-widget_type=\"text-editor.default\">\n\t\t\t\t<div class=\"elementor-widget-container\">\n\t\t\t\t\t\t\t\t\t<p class=\"isSelectedEnd\" style=\"text-align: center;\">F\u00fcr viele Familien war es die erste Woche seit Langem ohne Klinikalltag, Arzttermine und die herausfordernde Organisation des Alltags. Die Erkrankung mit all ihren Begleiterscheinungen r\u00fcckte in den Hintergrund und geriet f\u00fcr eine Woche fast in Vergessenheit. Genau hier setzt die Surffreizeit an: als gesch\u00fctzter Rahmen, in dem k\u00f6rperliche, seelische und soziale Erholung gleicherma\u00dfen Raum finden.<\/p><p class=\"isSelectedEnd\" style=\"text-align: center;\">Herzst\u00fcck der Woche war das Wellenreiten. F\u00fcr die meisten Teilnehmenden, Kinder wie Eltern, war es der erste Kontakt mit dem Surfboard \u00fcberhaupt. Angeleitet durch das Team tasteten sie sich Schritt f\u00fcr Schritt an die k\u00f6rperliche Anstrengung heran und sp\u00fcrten dabei oft zum ersten Mal seit der Diagnose, wie belastbar ihr K\u00f6rper eigentlich schon wieder war. Ein solches Erlebnis ist mehr als ein sch\u00f6ner Urlaubsmoment. Es schafft Vertrauen in die eigene Leistungsf\u00e4higkeit und macht auch den Eltern Mut, ihren Kindern im Alltag wieder mehr zuzutrauen. Eine Grundlage, die den Wiedereinstieg in Schul- und Vereinssport sp\u00fcrbar erleichtert.<\/p><p style=\"text-align: center;\">Das Wetter spielte dabei mit, wenn auch nicht durchgehend. An den ersten beiden Tagen sorgten sanfte, anf\u00e4ngerfreundliche Wellen f\u00fcr ideale Lernbedingungen, sodass praktisch alle schnell erste Erfolgserlebnisse feiern konnten. Danach zeigte sich Sylt von seiner anderen Seite, mit Wind und Regen. Gerade dieser Wechsel geh\u00f6rte zur Erfahrung dazu und zeigte der Gruppe, dass gute Stimmung nicht vom Wetter abh\u00e4ngt.<\/p>\t\t\t\t\t\t\t\t<\/div>\n\t\t\t\t<\/div>\n\t\t\t\t<div class=\"elementor-element elementor-element-a10ab5f elementor-widget elementor-widget-image\" data-id=\"a10ab5f\" data-element_type=\"widget\" data-e-type=\"widget\" data-widget_type=\"image.default\">\n\t\t\t\t<div class=\"elementor-widget-container\">\n\t\t\t\t\t\t\t\t\t\t\t\t\t\t\t<img decoding=\"async\" width=\"599\" height=\"242\" src=\"https:\/\/www.activeoncokids.org\/wp-content\/uploads\/2026\/09\/Screenshot-2026-09-02-145112.png\" class=\"attachment-large size-large wp-image-39783\" alt=\"\" srcset=\"https:\/\/www.activeoncokids.org\/wp-content\/uploads\/2026\/09\/Screenshot-2026-09-02-145112.png 599w, https:\/\/www.activeoncokids.org\/wp-content\/uploads\/2026\/09\/Screenshot-2026-09-02-145112-300x121.png 300w, https:\/\/www.activeoncokids.org\/wp-content\/uploads\/2026\/09\/Screenshot-2026-09-02-145112-18x7.png 18w\" sizes=\"(max-width: 599px) 100vw, 599px\" \/>\t\t\t\t\t\t\t\t\t\t\t\t\t\t\t<\/div>\n\t\t\t\t<\/div>\n\t\t\t\t<div class=\"elementor-element elementor-element-403e9f4 elementor-widget elementor-widget-text-editor\" data-id=\"403e9f4\" data-element_type=\"widget\" data-e-type=\"widget\" data-widget_type=\"text-editor.default\">\n\t\t\t\t<div class=\"elementor-widget-container\">\n\t\t\t\t\t\t\t\t\t<p class=\"isSelectedEnd\" style=\"text-align: center;\">Neben dem Surfen f\u00fcllten Strand- und Sportspiele, ein gemeinsamer Lagerfeuerabend, SUP-Board-Fahren, Kegeln, Radtouren, Gesellschaftsspiele und eine Strandolympiade die Tage und sorgten f\u00fcr eine unbeschwerte, verbindende Atmosph\u00e4re abseits der Wellen. Bereits w\u00e4hrend der Woche waren die Wirkungen deutlich zu sp\u00fcren: Die Kinder gewannen sichtbar an Selbstvertrauen, trauten sich an Neues heran und entdeckten Freude an Bewegung im und am Wasser. Auch innerhalb der Familien zeigte sich eine sp\u00fcrbare Entlastung. Eltern konnten Verantwortung zeitweise abgeben, neue Perspektiven gewinnen und sich mit anderen Betroffenen austauschen. Geschwisterkinder, die im Alltag h\u00e4ufig zur\u00fcckstecken m\u00fcssen, erlebten sich als gleichwertiger Teil der Gemeinschaft.<\/p><p style=\"text-align: center;\">M\u00f6glich wurde diese Woche nur durch die Unterst\u00fctzung von Spenderinnen, Sponsoren und f\u00f6rdernden Institutionen. Zwar bringen die teilnehmenden Familien einen Eigenanteil ein, doch der Gro\u00dfteil der Kosten f\u00fcr Unterkunft, Organisation, Betreuung und Durchf\u00fchrung wird durch externe F\u00f6rderung getragen. So bleibt das Angebot unabh\u00e4ngig von der finanziellen Situation der Familien zug\u00e4nglich, ohne dass Abstriche bei der Qualit\u00e4t der Betreuung gemacht werden m\u00fcssen.<\/p>\t\t\t\t\t\t\t\t<\/div>\n\t\t\t\t<\/div>\n\t\t\t\t<div class=\"elementor-element elementor-element-6d5da30 elementor-widget elementor-widget-image\" data-id=\"6d5da30\" data-element_type=\"widget\" data-e-type=\"widget\" data-widget_type=\"image.default\">\n\t\t\t\t<div class=\"elementor-widget-container\">\n\t\t\t\t\t\t\t\t\t\t\t\t\t\t\t<img decoding=\"async\" width=\"771\" height=\"249\" src=\"https:\/\/www.activeoncokids.org\/wp-content\/uploads\/2026\/09\/Screenshot-2026-09-02-145119.png\" class=\"attachment-large size-large wp-image-39784\" alt=\"\" srcset=\"https:\/\/www.activeoncokids.org\/wp-content\/uploads\/2026\/09\/Screenshot-2026-09-02-145119.png 771w, https:\/\/www.activeoncokids.org\/wp-content\/uploads\/2026\/09\/Screenshot-2026-09-02-145119-300x97.png 300w, https:\/\/www.activeoncokids.org\/wp-content\/uploads\/2026\/09\/Screenshot-2026-09-02-145119-768x248.png 768w, https:\/\/www.activeoncokids.org\/wp-content\/uploads\/2026\/09\/Screenshot-2026-09-02-145119-18x6.png 18w\" sizes=\"(max-width: 771px) 100vw, 771px\" \/>\t\t\t\t\t\t\t\t\t\t\t\t\t\t\t<\/div>\n\t\t\t\t<\/div>\n\t\t\t\t<div class=\"elementor-element elementor-element-2df1786 elementor-widget elementor-widget-spacer\" data-id=\"2df1786\" data-element_type=\"widget\" data-e-type=\"widget\" data-widget_type=\"spacer.default\">\n\t\t\t\t<div class=\"elementor-widget-container\">\n\t\t\t\t\t\t\t<div class=\"elementor-spacer\">\n\t\t\t<div class=\"elementor-spacer-inner\"><\/div>\n\t\t<\/div>\n\t\t\t\t\t\t<\/div>\n\t\t\t\t<\/div>\n\t\t\t\t<div class=\"elementor-element elementor-element-03c34a6 elementor-widget elementor-widget-text-editor\" data-id=\"03c34a6\" data-element_type=\"widget\" data-e-type=\"widget\" data-widget_type=\"text-editor.default\">\n\t\t\t\t<div class=\"elementor-widget-container\">\n\t\t\t\t\t\t\t\t\t<h4 class=\"isSelectedEnd\" style=\"text-align: center;\">Im Namen des gesamten Teams und aller Familien gilt daher ein besonderer Dank vor allem der B\u00fcrgerstiftung Hildesheim und dem Verein f\u00fcr krebskranke Kinder Hannover e. V. Ihre Unterst\u00fctzung tr\u00e4gt ma\u00dfgeblich dazu bei, dass betroffene Kinder und ihre Familien nicht nur eine Woche Abstand vom belastenden Alltag gewinnen, sondern vor allem neue Kraft, Zuversicht und Vertrauen in die eigene Zukunft entwickeln k\u00f6nnen.<\/h4>\t\t\t\t\t\t\t\t<\/div>\n\t\t\t\t<\/div>\n\t\t\t\t<div class=\"elementor-element elementor-element-8d7a288 elementor-widget elementor-widget-image\" data-id=\"8d7a288\" data-element_type=\"widget\" data-e-type=\"widget\" data-widget_type=\"image.default\">\n\t\t\t\t<div class=\"elementor-widget-container\">\n\t\t\t\t\t\t\t\t\t\t\t\t\t\t\t<img loading=\"lazy\" decoding=\"async\" width=\"196\" height=\"250\" src=\"https:\/\/www.activeoncokids.org\/wp-content\/uploads\/2026\/09\/Screenshot-2026-09-02-145058.png\" class=\"attachment-large size-large wp-image-39781\" alt=\"\" srcset=\"https:\/\/www.activeoncokids.org\/wp-content\/uploads\/2026\/09\/Screenshot-2026-09-02-145058.png 196w, https:\/\/www.activeoncokids.org\/wp-content\/uploads\/2026\/09\/Screenshot-2026-09-02-145058-9x12.png 9w\" sizes=\"(max-width: 196px) 100vw, 196px\" \/>\t\t\t\t\t\t\t\t\t\t\t\t\t\t\t<\/div>\n\t\t\t\t<\/div>\n\t\t\t\t<div class=\"elementor-element elementor-element-e2185e6 elementor-widget elementor-widget-spacer\" data-id=\"e2185e6\" data-element_type=\"widget\" data-e-type=\"widget\" data-widget_type=\"spacer.default\">\n\t\t\t\t<div class=\"elementor-widget-container\">\n\t\t\t\t\t\t\t<div class=\"elementor-spacer\">\n\t\t\t<div class=\"elementor-spacer-inner\"><\/div>\n\t\t<\/div>\n\t\t\t\t\t\t<\/div>\n\t\t\t\t<\/div>\n\t\t\t\t<div class=\"elementor-element elementor-element-234cdfe elementor-widget elementor-widget-spacer\" data-id=\"234cdfe\" data-element_type=\"widget\" data-e-type=\"widget\" data-widget_type=\"spacer.default\">\n\t\t\t\t<div class=\"elementor-widget-container\">\n\t\t\t\t\t\t\t<div class=\"elementor-spacer\">\n\t\t\t<div class=\"elementor-spacer-inner\"><\/div>\n\t\t<\/div>\n\t\t\t\t\t\t<\/div>\n\t\t\t\t<\/div>\n\t\t\t\t\t<\/div>\n\t\t<\/div>\n\t\t\t\t\t<\/div>\n\t\t<\/section>\n\t\t<div class=\"elementor-element elementor-element-452bf09 e-flex e-con-boxed e-con e-parent\" data-id=\"452bf09\" data-element_type=\"container\" data-e-type=\"container\">\n\t\t\t\t\t<div class=\"e-con-inner\">\n\t\t\t\t\t<\/div>\n\t\t\t\t<\/div>\n\t\t\t\t<\/div>","protected":false},"excerpt":{"rendered":"<p>Neues vom NAOK-Standort Hannover gemeinsam mit der Universit\u00e4t Hildesheim<\/p>","protected":false},"author":4,"featured_media":39781,"comment_status":"closed","ping_status":"closed","sticky":false,"template":"","format":"standard","meta":{"_acf_changed":false,"footnotes":""},"categories":[1],"tags":[],"class_list":["post-39780","post","type-post","status-publish","format-standard","has-post-thumbnail","hentry","category-allgemein"],"acf":[],"yoast_head":"<!-- This site is optimized with the Yoast SEO plugin v28.4 - https:\/\/yoast.com\/product\/yoast-seo-wordpress\/ -->\n<title>Bericht: Wellenreiten auf Sylt - Netzwerk ActiveOncoKids<\/title>\n<meta name=\"robots\" content=\"index, follow, max-snippet:-1, max-image-preview:large, max-video-preview:-1\" \/>\n<link rel=\"canonical\" href=\"https:\/\/www.activeoncokids.org\/en\/bericht-wellenreiten-auf-sylt\/\" \/>\n<meta property=\"og:locale\" content=\"en_GB\" \/>\n<meta property=\"og:type\" content=\"article\" \/>\n<meta property=\"og:title\" content=\"Bericht: Wellenreiten auf Sylt - Netzwerk ActiveOncoKids\" \/>\n<meta property=\"og:description\" content=\"Neues vom NAOK-Standort Hannover gemeinsam mit der Universit\u00e4t Hildesheim\" \/>\n<meta property=\"og:url\" content=\"https:\/\/www.activeoncokids.org\/en\/bericht-wellenreiten-auf-sylt\/\" \/>\n<meta property=\"og:site_name\" content=\"Netzwerk ActiveOncoKids\" \/>\n<meta property=\"article:published_time\" content=\"2026-09-04T10:15:21+00:00\" \/>\n<meta property=\"article:modified_time\" content=\"2026-09-04T10:27:11+00:00\" \/>\n<meta property=\"og:image\" content=\"https:\/\/www.activeoncokids.org\/wp-content\/uploads\/2026\/09\/Screenshot-2026-09-02-145058.png\" \/>\n\t<meta property=\"og:image:width\" content=\"196\" \/>\n\t<meta property=\"og:image:height\" content=\"250\" \/>\n\t<meta property=\"og:image:type\" content=\"image\/png\" \/>\n<meta name=\"author\" content=\"gauss_admin\" \/>\n<meta name=\"twitter:card\" content=\"summary_large_image\" \/>\n<meta name=\"twitter:label1\" content=\"Written by\" \/>\n\t<meta name=\"twitter:data1\" content=\"gauss_admin\" \/>\n\t<meta name=\"twitter:label2\" content=\"Est. reading time\" \/>\n\t<meta name=\"twitter:data2\" content=\"4 minutes\" \/>\n<script type=\"application\/ld+json\" class=\"yoast-schema-graph\">{\"@context\":\"https:\\\/\\\/schema.org\",\"@graph\":[{\"@type\":\"Article\",\"@id\":\"https:\\\/\\\/www.activeoncokids.org\\\/bericht-wellenreiten-auf-sylt\\\/#article\",\"isPartOf\":{\"@id\":\"https:\\\/\\\/www.activeoncokids.org\\\/bericht-wellenreiten-auf-sylt\\\/\"},\"author\":{\"name\":\"gauss_admin\",\"@id\":\"https:\\\/\\\/www.activeoncokids.org\\\/#\\\/schema\\\/person\\\/772f43237880dda259847e7b147da30f\"},\"headline\":\"Bericht: Wellenreiten auf Sylt\",\"datePublished\":\"2026-09-04T10:15:21+00:00\",\"dateModified\":\"2026-09-04T10:27:11+00:00\",\"mainEntityOfPage\":{\"@id\":\"https:\\\/\\\/www.activeoncokids.org\\\/bericht-wellenreiten-auf-sylt\\\/\"},\"wordCount\":595,\"publisher\":{\"@id\":\"https:\\\/\\\/www.activeoncokids.org\\\/#organization\"},\"image\":{\"@id\":\"https:\\\/\\\/www.activeoncokids.org\\\/bericht-wellenreiten-auf-sylt\\\/#primaryimage\"},\"thumbnailUrl\":\"https:\\\/\\\/www.activeoncokids.org\\\/wp-content\\\/uploads\\\/2026\\\/09\\\/Screenshot-2026-09-02-145058.png\",\"articleSection\":[\"Allgemein\"],\"inLanguage\":\"en-GB\"},{\"@type\":\"WebPage\",\"@id\":\"https:\\\/\\\/www.activeoncokids.org\\\/bericht-wellenreiten-auf-sylt\\\/\",\"url\":\"https:\\\/\\\/www.activeoncokids.org\\\/bericht-wellenreiten-auf-sylt\\\/\",\"name\":\"Bericht: Wellenreiten auf Sylt - Netzwerk ActiveOncoKids\",\"isPartOf\":{\"@id\":\"https:\\\/\\\/www.activeoncokids.org\\\/#website\"},\"primaryImageOfPage\":{\"@id\":\"https:\\\/\\\/www.activeoncokids.org\\\/bericht-wellenreiten-auf-sylt\\\/#primaryimage\"},\"image\":{\"@id\":\"https:\\\/\\\/www.activeoncokids.org\\\/bericht-wellenreiten-auf-sylt\\\/#primaryimage\"},\"thumbnailUrl\":\"https:\\\/\\\/www.activeoncokids.org\\\/wp-content\\\/uploads\\\/2026\\\/09\\\/Screenshot-2026-09-02-145058.png\",\"datePublished\":\"2026-09-04T10:15:21+00:00\",\"dateModified\":\"2026-09-04T10:27:11+00:00\",\"breadcrumb\":{\"@id\":\"https:\\\/\\\/www.activeoncokids.org\\\/bericht-wellenreiten-auf-sylt\\\/#breadcrumb\"},\"inLanguage\":\"en-GB\",\"potentialAction\":[{\"@type\":\"ReadAction\",\"target\":[\"https:\\\/\\\/www.activeoncokids.org\\\/bericht-wellenreiten-auf-sylt\\\/\"]}]},{\"@type\":\"ImageObject\",\"inLanguage\":\"en-GB\",\"@id\":\"https:\\\/\\\/www.activeoncokids.org\\\/bericht-wellenreiten-auf-sylt\\\/#primaryimage\",\"url\":\"https:\\\/\\\/www.activeoncokids.org\\\/wp-content\\\/uploads\\\/2026\\\/09\\\/Screenshot-2026-09-02-145058.png\",\"contentUrl\":\"https:\\\/\\\/www.activeoncokids.org\\\/wp-content\\\/uploads\\\/2026\\\/09\\\/Screenshot-2026-09-02-145058.png\",\"width\":196,\"height\":250},{\"@type\":\"BreadcrumbList\",\"@id\":\"https:\\\/\\\/www.activeoncokids.org\\\/bericht-wellenreiten-auf-sylt\\\/#breadcrumb\",\"itemListElement\":[{\"@type\":\"ListItem\",\"position\":1,\"name\":\"Startseite\",\"item\":\"https:\\\/\\\/www.activeoncokids.org\\\/\"},{\"@type\":\"ListItem\",\"position\":2,\"name\":\"Bericht: Wellenreiten auf Sylt\"}]},{\"@type\":\"WebSite\",\"@id\":\"https:\\\/\\\/www.activeoncokids.org\\\/#website\",\"url\":\"https:\\\/\\\/www.activeoncokids.org\\\/\",\"name\":\"Netzwerk ActiveOncoKids\",\"description\":\"Entdecke deine M\u00f6glichkeiten\",\"publisher\":{\"@id\":\"https:\\\/\\\/www.activeoncokids.org\\\/#organization\"},\"potentialAction\":[{\"@type\":\"SearchAction\",\"target\":{\"@type\":\"EntryPoint\",\"urlTemplate\":\"https:\\\/\\\/www.activeoncokids.org\\\/?s={search_term_string}\"},\"query-input\":{\"@type\":\"PropertyValueSpecification\",\"valueRequired\":true,\"valueName\":\"search_term_string\"}}],\"inLanguage\":\"en-GB\"},{\"@type\":\"Organization\",\"@id\":\"https:\\\/\\\/www.activeoncokids.org\\\/#organization\",\"name\":\"Netzwerk ActiveOncoKids\",\"url\":\"https:\\\/\\\/www.activeoncokids.org\\\/\",\"logo\":{\"@type\":\"ImageObject\",\"inLanguage\":\"en-GB\",\"@id\":\"https:\\\/\\\/www.activeoncokids.org\\\/#\\\/schema\\\/logo\\\/image\\\/\",\"url\":\"https:\\\/\\\/www.activeoncokids.org\\\/wp-content\\\/uploads\\\/2019\\\/10\\\/Element-4_1280px-1.png\",\"contentUrl\":\"https:\\\/\\\/www.activeoncokids.org\\\/wp-content\\\/uploads\\\/2019\\\/10\\\/Element-4_1280px-1.png\",\"width\":1281,\"height\":761,\"caption\":\"Netzwerk ActiveOncoKids\"},\"image\":{\"@id\":\"https:\\\/\\\/www.activeoncokids.org\\\/#\\\/schema\\\/logo\\\/image\\\/\"}},{\"@type\":\"Person\",\"@id\":\"https:\\\/\\\/www.activeoncokids.org\\\/#\\\/schema\\\/person\\\/772f43237880dda259847e7b147da30f\",\"name\":\"gauss_admin\",\"url\":\"https:\\\/\\\/www.activeoncokids.org\\\/en\\\/author\\\/gauss_admin\\\/\"}]}<\/script>\n<!-- \/ Yoast SEO plugin. -->","yoast_head_json":{"title":"Bericht: Wellenreiten auf Sylt - Netzwerk ActiveOncoKids","robots":{"index":"index","follow":"follow","max-snippet":"max-snippet:-1","max-image-preview":"max-image-preview:large","max-video-preview":"max-video-preview:-1"},"canonical":"https:\/\/www.activeoncokids.org\/en\/bericht-wellenreiten-auf-sylt\/","og_locale":"en_GB","og_type":"article","og_title":"Bericht: Wellenreiten auf Sylt - Netzwerk ActiveOncoKids","og_description":"Neues vom NAOK-Standort Hannover gemeinsam mit der Universit\u00e4t Hildesheim","og_url":"https:\/\/www.activeoncokids.org\/en\/bericht-wellenreiten-auf-sylt\/","og_site_name":"Netzwerk ActiveOncoKids","article_published_time":"2026-09-04T10:15:21+00:00","article_modified_time":"2026-09-04T10:27:11+00:00","og_image":[{"width":196,"height":250,"url":"https:\/\/www.activeoncokids.org\/wp-content\/uploads\/2026\/09\/Screenshot-2026-09-02-145058.png","type":"image\/png"}],"author":"gauss_admin","twitter_card":"summary_large_image","twitter_misc":{"Written by":"gauss_admin","Est. reading time":"4 minutes"},"schema":{"@context":"https:\/\/schema.org","@graph":[{"@type":"Article","@id":"https:\/\/www.activeoncokids.org\/bericht-wellenreiten-auf-sylt\/#article","isPartOf":{"@id":"https:\/\/www.activeoncokids.org\/bericht-wellenreiten-auf-sylt\/"},"author":{"name":"gauss_admin","@id":"https:\/\/www.activeoncokids.org\/#\/schema\/person\/772f43237880dda259847e7b147da30f"},"headline":"Bericht: Wellenreiten auf Sylt","datePublished":"2026-09-04T10:15:21+00:00","dateModified":"2026-09-04T10:27:11+00:00","mainEntityOfPage":{"@id":"https:\/\/www.activeoncokids.org\/bericht-wellenreiten-auf-sylt\/"},"wordCount":595,"publisher":{"@id":"https:\/\/www.activeoncokids.org\/#organization"},"image":{"@id":"https:\/\/www.activeoncokids.org\/bericht-wellenreiten-auf-sylt\/#primaryimage"},"thumbnailUrl":"https:\/\/www.activeoncokids.org\/wp-content\/uploads\/2026\/09\/Screenshot-2026-09-02-145058.png","articleSection":["Allgemein"],"inLanguage":"en-GB"},{"@type":"WebPage","@id":"https:\/\/www.activeoncokids.org\/bericht-wellenreiten-auf-sylt\/","url":"https:\/\/www.activeoncokids.org\/bericht-wellenreiten-auf-sylt\/","name":"Bericht: Wellenreiten auf Sylt - Netzwerk ActiveOncoKids","isPartOf":{"@id":"https:\/\/www.activeoncokids.org\/#website"},"primaryImageOfPage":{"@id":"https:\/\/www.activeoncokids.org\/bericht-wellenreiten-auf-sylt\/#primaryimage"},"image":{"@id":"https:\/\/www.activeoncokids.org\/bericht-wellenreiten-auf-sylt\/#primaryimage"},"thumbnailUrl":"https:\/\/www.activeoncokids.org\/wp-content\/uploads\/2026\/09\/Screenshot-2026-09-02-145058.png","datePublished":"2026-09-04T10:15:21+00:00","dateModified":"2026-09-04T10:27:11+00:00","breadcrumb":{"@id":"https:\/\/www.activeoncokids.org\/bericht-wellenreiten-auf-sylt\/#breadcrumb"},"inLanguage":"en-GB","potentialAction":[{"@type":"ReadAction","target":["https:\/\/www.activeoncokids.org\/bericht-wellenreiten-auf-sylt\/"]}]},{"@type":"ImageObject","inLanguage":"en-GB","@id":"https:\/\/www.activeoncokids.org\/bericht-wellenreiten-auf-sylt\/#primaryimage","url":"https:\/\/www.activeoncokids.org\/wp-content\/uploads\/2026\/09\/Screenshot-2026-09-02-145058.png","contentUrl":"https:\/\/www.activeoncokids.org\/wp-content\/uploads\/2026\/09\/Screenshot-2026-09-02-145058.png","width":196,"height":250},{"@type":"BreadcrumbList","@id":"https:\/\/www.activeoncokids.org\/bericht-wellenreiten-auf-sylt\/#breadcrumb","itemListElement":[{"@type":"ListItem","position":1,"name":"Startseite","item":"https:\/\/www.activeoncokids.org\/"},{"@type":"ListItem","position":2,"name":"Bericht: Wellenreiten auf Sylt"}]},{"@type":"WebSite","@id":"https:\/\/www.activeoncokids.org\/#website","url":"https:\/\/www.activeoncokids.org\/","name":"Netzwerk ActiveOncoKids","description":"Entdecke deine M\u00f6glichkeiten","publisher":{"@id":"https:\/\/www.activeoncokids.org\/#organization"},"potentialAction":[{"@type":"SearchAction","target":{"@type":"EntryPoint","urlTemplate":"https:\/\/www.activeoncokids.org\/?s={search_term_string}"},"query-input":{"@type":"PropertyValueSpecification","valueRequired":true,"valueName":"search_term_string"}}],"inLanguage":"en-GB"},{"@type":"Organization","@id":"https:\/\/www.activeoncokids.org\/#organization","name":"Netzwerk ActiveOncoKids","url":"https:\/\/www.activeoncokids.org\/","logo":{"@type":"ImageObject","inLanguage":"en-GB","@id":"https:\/\/www.activeoncokids.org\/#\/schema\/logo\/image\/","url":"https:\/\/www.activeoncokids.org\/wp-content\/uploads\/2019\/10\/Element-4_1280px-1.png","contentUrl":"https:\/\/www.activeoncokids.org\/wp-content\/uploads\/2019\/10\/Element-4_1280px-1.png","width":1281,"height":761,"caption":"Netzwerk ActiveOncoKids"},"image":{"@id":"https:\/\/www.activeoncokids.org\/#\/schema\/logo\/image\/"}},{"@type":"Person","@id":"https:\/\/www.activeoncokids.org\/#\/schema\/person\/772f43237880dda259847e7b147da30f","name":"gauss_admin","url":"https:\/\/www.activeoncokids.org\/en\/author\/gauss_admin\/"}]}},"_links":{"self":[{"href":"https:\/\/www.activeoncokids.org\/en\/wp-json\/wp\/v2\/posts\/39780","targetHints":{"allow":["GET"]}}],"collection":[{"href":"https:\/\/www.activeoncokids.org\/en\/wp-json\/wp\/v2\/posts"}],"about":[{"href":"https:\/\/www.activeoncokids.org\/en\/wp-json\/wp\/v2\/types\/post"}],"author":[{"embeddable":true,"href":"https:\/\/www.activeoncokids.org\/en\/wp-json\/wp\/v2\/users\/4"}],"replies":[{"embeddable":true,"href":"https:\/\/www.activeoncokids.org\/en\/wp-json\/wp\/v2\/comments?post=39780"}],"version-history":[{"count":8,"href":"https:\/\/www.activeoncokids.org\/en\/wp-json\/wp\/v2\/posts\/39780\/revisions"}],"predecessor-version":[{"id":39794,"href":"https:\/\/www.activeoncokids.org\/en\/wp-json\/wp\/v2\/posts\/39780\/revisions\/39794"}],"wp:featuredmedia":[{"embeddable":true,"href":"https:\/\/www.activeoncokids.org\/en\/wp-json\/wp\/v2\/media\/39781"}],"wp:attachment":[{"href":"https:\/\/www.activeoncokids.org\/en\/wp-json\/wp\/v2\/media?parent=39780"}],"wp:term":[{"taxonomy":"category","embeddable":true,"href":"https:\/\/www.activeoncokids.org\/en\/wp-json\/wp\/v2\/categories?post=39780"},{"taxonomy":"post_tag","embeddable":true,"href":"https:\/\/www.activeoncokids.org\/en\/wp-json\/wp\/v2\/tags?post=39780"}],"curies":[{"name":"wp","href":"https:\/\/api.w.org\/{rel}","templated":true}]}}